{"id":7781,"date":"2018-03-23T10:14:38","date_gmt":"2018-03-23T10:14:38","guid":{"rendered":"https:\/\/timbercoast.com\/2018\/03\/23\/mein-avontuur-mit-timbercoast-second-mate-andreas\/"},"modified":"2018-03-23T10:16:00","modified_gmt":"2018-03-23T10:16:00","slug":"mein-avontuur-mit-timbercoast-second-mate-andreas","status":"publish","type":"post","link":"https:\/\/timbercoast.com\/de\/2018\/03\/23\/mein-avontuur-mit-timbercoast-second-mate-andreas\/","title":{"rendered":"Mein \u201eAVONTUUR\u201c mit TIMBERCOAST \u2013 Second Mate Andreas"},"content":{"rendered":"<p>Verantwortung, Leben und Lernen an Bord<\/p>\n<p>&nbsp;<\/p>\n<p>Nach beinahe drei Monaten an Bord, kurz vor meinem Ausstieg in Kuba, ist es Zeit f\u00fcr eine Sammlung meiner Erlebnisse und vor Allem dessen, was f\u00fcr mich die Zeit an Bord gepr\u00e4gt hat. Seit meinem Einstieg auf den Azoren Anfang Dezember ist viel passiert: Besatzung und Kapit\u00e4ne kamen und gingen, und mit ihnen \u00e4nderte sich auch jedes Mal der Bordalltag etwas. Auch das Fahrtgebiet hat sich stark ver\u00e4ndert. Die rauen Tage, als wir mit dicker Segelkleidung und Seekrankheitspillen gegen K\u00e4lte und St\u00fcrme vor Europa ank\u00e4mpften sind vorbei. Jetzt haben wir endlich die ersehnte, karibische W\u00e4rme, und genie\u00dfen sie in vollen Z\u00fcgen. Freizeit findet an Deck statt, alle haben inzwischen einen schicken Teint: Von Braun bis Rot, in allen m\u00f6glichen Schattierungen. Ich habe Delfine und erstmals auch Wale gesehen, den Atlantik \u00fcberquert, viele interessante Menschen kennengelernt, neue H\u00e4fen und L\u00e4nder gesichtet. Doch was werde ich von meinem immerhin \u00bc Jahr auf See dauerhaft mitnehmen, wie hat mich meine Zeit hier gepr\u00e4gt?<\/p>\n<p>&nbsp;<\/p>\n<p>Was mir mit der Zeit aufgefallen ist: Die Motivation der Leute, die sich mit der Avontuur auf die Reise begeben, unterscheidet sich gravierend von der auf anderen \u2013 gew\u00f6hnlichen &#8211; Frachtschiffen. Einerseits alleine schon dadurch, dass die H\u00e4lfte der Mitfahrer aus Trainees besteht. Also zahlenden G\u00e4sten, die zwar in den Bordbetrieb eingespannt sind aber doch keine Besatzungsmitglied sind. Sie sind an Bord um 1. eine gute Zeit zu haben und um 2. Segeln zu lernen. Andererseits gibt es dann noch die professionelle Besatzung: Drei Nautiker (Kapit\u00e4n, Erster und Zweiter Offizier) sowie drei Deckleute. Und selbst hier liegt die Motivation daf\u00fcr an Bord zu sein woanders als gew\u00f6hnlich in der Frachtschifffahrt. Nat\u00fcrlich, es ist ein Job, der mit der n\u00f6tigen Ernsthaftigkeit ausgef\u00fchrt wird und auch (m\u00f6glichst) angemessen bezahlt wird. Geld steht jedoch definitiv nicht im Vordergrund \u2013 ganz anders als \u00fcblich in der Frachtschifffahrt, wo es nur um das Geldverdienen geht. Es verbindet alle an Bord der Glaube an eine bessere Welt, sauberen Warentransport und fairen Handel. Das mag sich hochtrabend anh\u00f6ren, wird jedoch auf der Avontuur tagt\u00e4glich ganz praktisch gelebt und regelm\u00e4\u00dfig diskutiert. Angefangen bei der M\u00fclltrennung \u00fcber sparsamen Wasser- und Energieverbrauch bis hin zu bewusstem Essen. Ich selbst habe viel gelernt zu den Themen Ern\u00e4hrung, Energie und Konsum, und werde wohl auch nach meiner R\u00fcckkehr an Land weiter einen bewussteren Lebensstil pflegen als zuvor. Einfach weil ich hier erlebt habe, wie positiv sich kleine Ver\u00e4nderungen im Alltag auf meine Umwelt auswirken k\u00f6nnen. Ganz ohne irgendwelche Einbu\u00dfen an Lebensqualit\u00e4t.<\/p>\n<p>&nbsp;<\/p>\n<p><img loading=\"lazy\" decoding=\"async\" class=\"aligncenter wp-image-7774 size-large\" src=\"https:\/\/timbercoast.com\/wp-content\/uploads\/P2140692-1024x768.jpg\" alt=\"\" width=\"1024\" height=\"768\" srcset=\"https:\/\/timbercoast.com\/wp-content\/uploads\/P2140692-1024x768.jpg 1024w, https:\/\/timbercoast.com\/wp-content\/uploads\/P2140692-300x225.jpg 300w\" sizes=\"auto, (max-width: 1024px) 100vw, 1024px\" \/><\/p>\n<p>&nbsp;<\/p>\n<p>Gelernt habe ich an Bord also weit mehr, als nur Segeln. Es war eine sehr intensive Zeit, k\u00f6rperlich und psychisch, in der ich oft meine Grenzen ausloten konnte. Sei es bei einem Sturm in der Biskaya mit Windst\u00e4rke 11, wo man trotz Rollen und \u00dcbelkeit auf den Beinen bleiben und Wache gehen musste. Oder sei es w\u00e4hrend meiner ersten Wochen als Offizier, wo das Viele Neue mich zu erschlagen schien. Ich bin an meine Grenzen gesto\u00dfen, und habe sie teilweise durchbrochen. Habe derart viele praktische F\u00e4higkeiten an Deck erlernt, wie ich es in meinen 12 Monaten als Kadett auf Frachtschiffen nicht ann\u00e4hernd getan habe. Schoten, Gaffel, Fieren, Halsen \u2013 all diese mir vormals unbekannten Begriffe sind mir in relativ kurzer Zeit beinahe in Fleisch und Blut \u00fcbergegangen. Doch was ich f\u00fcr mich pers\u00f6nlich aus meinen 3 Monaten an Bord der Avontuur vor Allem mitnehmen werde, ist ein gesteigertes Verantwortungsbewusstsein. Gegen\u00fcber meinen Mitmenschen, der Gesellschaft, und unserer Umwelt.<\/p>\n<p>&nbsp;<\/p>\n<p>Gl\u00fccklicherweise steht Timbercoast mit diesem Projekt nicht alleine da, zahlreiche Initiativen weltweit arbeiten in dieselbe Richtung. Und die Zeit daf\u00fcr scheint genau richtig. Das Bewusstsein gro\u00dfer Bev\u00f6lkerungsschichten f\u00fcr ihren Konsum steigt (Stichwort lokal und biologisch). Menschen interessieren sich wieder daf\u00fcr, was sie essen und wo es herkommt.<\/p>\n<p>&nbsp;<\/p>\n<p>Warentransport \u00fcber das Meer wird seit Jahrhunderten durch Segelfrachter durchgef\u00fchrt, und der sich beschleunigende Klimawandel sollte Ansto\u00df genug sein, diese traditionelle Art des Frachtverkehrs wieder ins Zentrum der Aufmerksamkeit zu r\u00fccken. Nat\u00fcrlich nur als Teil einer Palette an gr\u00fcnen Frachtern \u2013 au\u00dferdem gilt es bestehende Flotten zu modernisieren und Neubauten mit sparsameren Antrieben auszustatten, und ganz besonders darum auf Lange Sicht auf Schwer\u00f6l zu verzichten. Fracht mit der Kraft des Windes zu bef\u00f6rdern sollte dabei aber nicht untersch\u00e4tzt werden, zu gro\u00df ist das Potential. Gerade durch den Einsatz moderner Segelsysteme (Stichwort DynaRig) w\u00e4ren hier\u00a0 auch noch effizientere M\u00f6glichkeiten verf\u00fcgbar, sich diese Energie nutzbar zu machen.<\/p>\n<p>&nbsp;<\/p>\n<p><img loading=\"lazy\" decoding=\"async\" class=\"aligncenter wp-image-7777 size-large\" src=\"https:\/\/timbercoast.com\/wp-content\/uploads\/P2100601-1024x768.jpg\" alt=\"\" width=\"1024\" height=\"768\" srcset=\"https:\/\/timbercoast.com\/wp-content\/uploads\/P2100601-1024x768.jpg 1024w, https:\/\/timbercoast.com\/wp-content\/uploads\/P2100601-300x225.jpg 300w\" sizes=\"auto, (max-width: 1024px) 100vw, 1024px\" \/><\/p>\n<p>&nbsp;<\/p>\n<p>Ob das passieren wird ist abh\u00e4ngig von zwei Faktoren. Erstens von Unternehmen und Investoren, die das Potential solcher Projekte erkennen und f\u00f6rdern m\u00fcssen. Zweitens \u2013 und viel wichtiger \u2013 von uns als Konsumenten. Wenn wir darauf achten wie unsere Produkte zu uns gelangen, und entsprechende Kaufentscheidungen treffen, werden sich die beteiligten Firmen ganz automatisch darauf einstellen. Dann ist der Kaffee im Discounter bald nicht mehr nur Fairtrade und Bio, sondern auch noch Fair Transportiert. Man wird ja noch tr\u00e4umen d\u00fcrfen.<\/p>\n<p>&nbsp;<\/p>\n<p>F\u00fcr meine Zeit auf der Avontuur bin ich sehr dankbar, und kann es jedem nur empfehlen an Bord zu kommen. Um Segeln zu lernen, neue L\u00e4nder und Menschen zu entdecken, und auch um sich selbst besser kennenzulernen. Und um, nebenbei, die Welt ein bisschen besser zu machen.<\/p>\n<p>&nbsp;<\/p>\n<p>-Andreas<\/p>\n<p>&nbsp;<\/p>\n","protected":false},"excerpt":{"rendered":"<p>Verantwortung, Leben und Lernen an Bord &nbsp; Nach beinahe drei Monaten an Bord, kurz vor meinem Ausstieg in Kuba, ist es Zeit f\u00fcr eine Sammlung meiner Erlebnisse und vor Allem&#8230;<span class=\"screen-reader-text\">  Mein \u201eAVONTUUR\u201c mit TIMBERCOAST \u2013 Second Mate Andreas<\/span><\/p>\n","protected":false},"author":1,"featured_media":7773,"comment_status":"closed","ping_status":"closed","sticky":false,"template":"","format":"standard","meta":{"footnotes":""},"categories":[242],"tags":[281,178],"class_list":["post-7781","post","type-post","status-publish","format-standard","has-post-thumbnail","hentry","category-blog-de","tag-avontuurcaribbean2018-de","tag-my-avontuur-de"],"yoast_head":"<!-- This site is optimized with the Yoast SEO plugin v25.6 - https:\/\/yoast.com\/wordpress\/plugins\/seo\/ -->\n<title>Mein \u201eAVONTUUR\u201c mit TIMBERCOAST \u2013 Second Mate Andreas - Timbercoast<\/title>\n<meta name=\"robots\" content=\"index, follow, max-snippet:-1, max-image-preview:large, max-video-preview:-1\" \/>\n<link rel=\"canonical\" href=\"https:\/\/timbercoast.com\/de\/2018\/03\/23\/mein-avontuur-mit-timbercoast-second-mate-andreas\/\" \/>\n<meta property=\"og:locale\" content=\"de_DE\" \/>\n<meta property=\"og:type\" content=\"article\" \/>\n<meta property=\"og:title\" content=\"Mein \u201eAVONTUUR\u201c mit TIMBERCOAST \u2013 Second Mate Andreas - Timbercoast\" \/>\n<meta property=\"og:description\" content=\"Verantwortung, Leben und Lernen an Bord &nbsp; Nach beinahe drei Monaten an Bord, kurz vor meinem Ausstieg in Kuba, ist es Zeit f\u00fcr eine Sammlung meiner Erlebnisse und vor Allem&#8230; Mein \u201eAVONTUUR\u201c mit TIMBERCOAST \u2013 Second Mate Andreas\" \/>\n<meta property=\"og:url\" content=\"https:\/\/timbercoast.com\/de\/2018\/03\/23\/mein-avontuur-mit-timbercoast-second-mate-andreas\/\" \/>\n<meta property=\"og:site_name\" content=\"Timbercoast\" \/>\n<meta property=\"article:publisher\" content=\"https:\/\/facebook.com\/timbercoast\/\" \/>\n<meta property=\"article:published_time\" content=\"2018-03-23T10:14:38+00:00\" \/>\n<meta property=\"article:modified_time\" content=\"2018-03-23T10:16:00+00:00\" \/>\n<meta property=\"og:image\" content=\"https:\/\/timbercoast.com\/wp-content\/uploads\/P2140704-1024x768.jpg\" \/>\n\t<meta property=\"og:image:width\" content=\"1024\" \/>\n\t<meta property=\"og:image:height\" content=\"768\" \/>\n\t<meta property=\"og:image:type\" content=\"image\/jpeg\" \/>\n<meta name=\"author\" content=\"Timber Coast\" \/>\n<meta name=\"twitter:card\" content=\"summary_large_image\" \/>\n<meta name=\"twitter:creator\" content=\"@timbercoastcrew\" \/>\n<meta name=\"twitter:site\" content=\"@timbercoastcrew\" \/>\n<meta name=\"twitter:label1\" content=\"Verfasst von\" \/>\n\t<meta name=\"twitter:data1\" content=\"Timber Coast\" \/>\n\t<meta name=\"twitter:label2\" content=\"Gesch\u00e4tzte Lesezeit\" \/>\n\t<meta name=\"twitter:data2\" content=\"5\u00a0Minuten\" \/>\n<script type=\"application\/ld+json\" class=\"yoast-schema-graph\">{\"@context\":\"https:\/\/schema.org\",\"@graph\":[{\"@type\":\"WebPage\",\"@id\":\"https:\/\/timbercoast.com\/de\/2018\/03\/23\/mein-avontuur-mit-timbercoast-second-mate-andreas\/\",\"url\":\"https:\/\/timbercoast.com\/de\/2018\/03\/23\/mein-avontuur-mit-timbercoast-second-mate-andreas\/\",\"name\":\"Mein \u201eAVONTUUR\u201c mit TIMBERCOAST \u2013 Second Mate Andreas - Timbercoast\",\"isPartOf\":{\"@id\":\"https:\/\/timbercoast.com\/en\/#website\"},\"primaryImageOfPage\":{\"@id\":\"https:\/\/timbercoast.com\/de\/2018\/03\/23\/mein-avontuur-mit-timbercoast-second-mate-andreas\/#primaryimage\"},\"image\":{\"@id\":\"https:\/\/timbercoast.com\/de\/2018\/03\/23\/mein-avontuur-mit-timbercoast-second-mate-andreas\/#primaryimage\"},\"thumbnailUrl\":\"https:\/\/timbercoast.com\/wp-content\/uploads\/P2140704.jpg\",\"datePublished\":\"2018-03-23T10:14:38+00:00\",\"dateModified\":\"2018-03-23T10:16:00+00:00\",\"author\":{\"@id\":\"https:\/\/timbercoast.com\/en\/#\/schema\/person\/1e43949e398e1ee0ce930271315f0401\"},\"breadcrumb\":{\"@id\":\"https:\/\/timbercoast.com\/de\/2018\/03\/23\/mein-avontuur-mit-timbercoast-second-mate-andreas\/#breadcrumb\"},\"inLanguage\":\"de\",\"potentialAction\":[{\"@type\":\"ReadAction\",\"target\":[\"https:\/\/timbercoast.com\/de\/2018\/03\/23\/mein-avontuur-mit-timbercoast-second-mate-andreas\/\"]}]},{\"@type\":\"ImageObject\",\"inLanguage\":\"de\",\"@id\":\"https:\/\/timbercoast.com\/de\/2018\/03\/23\/mein-avontuur-mit-timbercoast-second-mate-andreas\/#primaryimage\",\"url\":\"https:\/\/timbercoast.com\/wp-content\/uploads\/P2140704.jpg\",\"contentUrl\":\"https:\/\/timbercoast.com\/wp-content\/uploads\/P2140704.jpg\",\"width\":1920,\"height\":1440},{\"@type\":\"BreadcrumbList\",\"@id\":\"https:\/\/timbercoast.com\/de\/2018\/03\/23\/mein-avontuur-mit-timbercoast-second-mate-andreas\/#breadcrumb\",\"itemListElement\":[{\"@type\":\"ListItem\",\"position\":1,\"name\":\"Home\",\"item\":\"https:\/\/timbercoast.com\/de\/\"},{\"@type\":\"ListItem\",\"position\":2,\"name\":\"Mein \u201eAVONTUUR\u201c mit TIMBERCOAST \u2013 Second Mate Andreas\"}]},{\"@type\":\"WebSite\",\"@id\":\"https:\/\/timbercoast.com\/en\/#website\",\"url\":\"https:\/\/timbercoast.com\/en\/\",\"name\":\"Timbercoast\",\"description\":\"Cargo Under Sail\",\"potentialAction\":[{\"@type\":\"SearchAction\",\"target\":{\"@type\":\"EntryPoint\",\"urlTemplate\":\"https:\/\/timbercoast.com\/en\/?s={search_term_string}\"},\"query-input\":{\"@type\":\"PropertyValueSpecification\",\"valueRequired\":true,\"valueName\":\"search_term_string\"}}],\"inLanguage\":\"de\"},{\"@type\":\"Person\",\"@id\":\"https:\/\/timbercoast.com\/en\/#\/schema\/person\/1e43949e398e1ee0ce930271315f0401\",\"name\":\"Timber Coast\",\"url\":\"https:\/\/timbercoast.com\/de\/author\/timbercoast\/\"}]}<\/script>\n<!-- \/ Yoast SEO plugin. -->","yoast_head_json":{"title":"Mein \u201eAVONTUUR\u201c mit TIMBERCOAST \u2013 Second Mate Andreas - Timbercoast","robots":{"index":"index","follow":"follow","max-snippet":"max-snippet:-1","max-image-preview":"max-image-preview:large","max-video-preview":"max-video-preview:-1"},"canonical":"https:\/\/timbercoast.com\/de\/2018\/03\/23\/mein-avontuur-mit-timbercoast-second-mate-andreas\/","og_locale":"de_DE","og_type":"article","og_title":"Mein \u201eAVONTUUR\u201c mit TIMBERCOAST \u2013 Second Mate Andreas - Timbercoast","og_description":"Verantwortung, Leben und Lernen an Bord &nbsp; Nach beinahe drei Monaten an Bord, kurz vor meinem Ausstieg in Kuba, ist es Zeit f\u00fcr eine Sammlung meiner Erlebnisse und vor Allem&#8230; Mein \u201eAVONTUUR\u201c mit TIMBERCOAST \u2013 Second Mate Andreas","og_url":"https:\/\/timbercoast.com\/de\/2018\/03\/23\/mein-avontuur-mit-timbercoast-second-mate-andreas\/","og_site_name":"Timbercoast","article_publisher":"https:\/\/facebook.com\/timbercoast\/","article_published_time":"2018-03-23T10:14:38+00:00","article_modified_time":"2018-03-23T10:16:00+00:00","og_image":[{"width":1024,"height":768,"url":"https:\/\/timbercoast.com\/wp-content\/uploads\/P2140704-1024x768.jpg","type":"image\/jpeg"}],"author":"Timber Coast","twitter_card":"summary_large_image","twitter_creator":"@timbercoastcrew","twitter_site":"@timbercoastcrew","twitter_misc":{"Verfasst von":"Timber Coast","Gesch\u00e4tzte Lesezeit":"5\u00a0Minuten"},"schema":{"@context":"https:\/\/schema.org","@graph":[{"@type":"WebPage","@id":"https:\/\/timbercoast.com\/de\/2018\/03\/23\/mein-avontuur-mit-timbercoast-second-mate-andreas\/","url":"https:\/\/timbercoast.com\/de\/2018\/03\/23\/mein-avontuur-mit-timbercoast-second-mate-andreas\/","name":"Mein \u201eAVONTUUR\u201c mit TIMBERCOAST \u2013 Second Mate Andreas - Timbercoast","isPartOf":{"@id":"https:\/\/timbercoast.com\/en\/#website"},"primaryImageOfPage":{"@id":"https:\/\/timbercoast.com\/de\/2018\/03\/23\/mein-avontuur-mit-timbercoast-second-mate-andreas\/#primaryimage"},"image":{"@id":"https:\/\/timbercoast.com\/de\/2018\/03\/23\/mein-avontuur-mit-timbercoast-second-mate-andreas\/#primaryimage"},"thumbnailUrl":"https:\/\/timbercoast.com\/wp-content\/uploads\/P2140704.jpg","datePublished":"2018-03-23T10:14:38+00:00","dateModified":"2018-03-23T10:16:00+00:00","author":{"@id":"https:\/\/timbercoast.com\/en\/#\/schema\/person\/1e43949e398e1ee0ce930271315f0401"},"breadcrumb":{"@id":"https:\/\/timbercoast.com\/de\/2018\/03\/23\/mein-avontuur-mit-timbercoast-second-mate-andreas\/#breadcrumb"},"inLanguage":"de","potentialAction":[{"@type":"ReadAction","target":["https:\/\/timbercoast.com\/de\/2018\/03\/23\/mein-avontuur-mit-timbercoast-second-mate-andreas\/"]}]},{"@type":"ImageObject","inLanguage":"de","@id":"https:\/\/timbercoast.com\/de\/2018\/03\/23\/mein-avontuur-mit-timbercoast-second-mate-andreas\/#primaryimage","url":"https:\/\/timbercoast.com\/wp-content\/uploads\/P2140704.jpg","contentUrl":"https:\/\/timbercoast.com\/wp-content\/uploads\/P2140704.jpg","width":1920,"height":1440},{"@type":"BreadcrumbList","@id":"https:\/\/timbercoast.com\/de\/2018\/03\/23\/mein-avontuur-mit-timbercoast-second-mate-andreas\/#breadcrumb","itemListElement":[{"@type":"ListItem","position":1,"name":"Home","item":"https:\/\/timbercoast.com\/de\/"},{"@type":"ListItem","position":2,"name":"Mein \u201eAVONTUUR\u201c mit TIMBERCOAST \u2013 Second Mate Andreas"}]},{"@type":"WebSite","@id":"https:\/\/timbercoast.com\/en\/#website","url":"https:\/\/timbercoast.com\/en\/","name":"Timbercoast","description":"Cargo Under Sail","potentialAction":[{"@type":"SearchAction","target":{"@type":"EntryPoint","urlTemplate":"https:\/\/timbercoast.com\/en\/?s={search_term_string}"},"query-input":{"@type":"PropertyValueSpecification","valueRequired":true,"valueName":"search_term_string"}}],"inLanguage":"de"},{"@type":"Person","@id":"https:\/\/timbercoast.com\/en\/#\/schema\/person\/1e43949e398e1ee0ce930271315f0401","name":"Timber Coast","url":"https:\/\/timbercoast.com\/de\/author\/timbercoast\/"}]}},"_links":{"self":[{"href":"https:\/\/timbercoast.com\/de\/wp-json\/wp\/v2\/posts\/7781","targetHints":{"allow":["GET"]}}],"collection":[{"href":"https:\/\/timbercoast.com\/de\/wp-json\/wp\/v2\/posts"}],"about":[{"href":"https:\/\/timbercoast.com\/de\/wp-json\/wp\/v2\/types\/post"}],"author":[{"embeddable":true,"href":"https:\/\/timbercoast.com\/de\/wp-json\/wp\/v2\/users\/1"}],"replies":[{"embeddable":true,"href":"https:\/\/timbercoast.com\/de\/wp-json\/wp\/v2\/comments?post=7781"}],"version-history":[{"count":0,"href":"https:\/\/timbercoast.com\/de\/wp-json\/wp\/v2\/posts\/7781\/revisions"}],"wp:featuredmedia":[{"embeddable":true,"href":"https:\/\/timbercoast.com\/de\/wp-json\/wp\/v2\/media\/7773"}],"wp:attachment":[{"href":"https:\/\/timbercoast.com\/de\/wp-json\/wp\/v2\/media?parent=7781"}],"wp:term":[{"taxonomy":"category","embeddable":true,"href":"https:\/\/timbercoast.com\/de\/wp-json\/wp\/v2\/categories?post=7781"},{"taxonomy":"post_tag","embeddable":true,"href":"https:\/\/timbercoast.com\/de\/wp-json\/wp\/v2\/tags?post=7781"}],"curies":[{"name":"wp","href":"https:\/\/api.w.org\/{rel}","templated":true}]}}